{"id":2393,"date":"2024-01-12T10:44:17","date_gmt":"2024-01-12T09:44:17","guid":{"rendered":"https:\/\/www.lardalkantori.no\/?p=2393"},"modified":"2024-01-12T10:44:17","modified_gmt":"2024-01-12T09:44:17","slug":"oppstart-av-var-og-sommersemesteret","status":"publish","type":"post","link":"https:\/\/www.lardalkantori.no\/?p=2393","title":{"rendered":"Oppstart av v\u00e5r- og sommersemesteret"},"content":{"rendered":"\n<figure class=\"wp-block-image size-large\"><a href=\"https:\/\/i0.wp.com\/www.lardalkantori.no\/wp-content\/uploads\/2024\/01\/IMG_7216.jpeg?ssl=1\"><img loading=\"lazy\" decoding=\"async\" width=\"1170\" height=\"871\" data-attachment-id=\"2394\" data-permalink=\"https:\/\/www.lardalkantori.no\/?attachment_id=2394\" data-orig-file=\"https:\/\/i0.wp.com\/www.lardalkantori.no\/wp-content\/uploads\/2024\/01\/IMG_7216.jpeg?fit=1170%2C871&amp;ssl=1\" data-orig-size=\"1170,871\" data-comments-opened=\"1\" data-image-meta=\"{&quot;aperture&quot;:&quot;0&quot;,&quot;credit&quot;:&quot;&quot;,&quot;camera&quot;:&quot;&quot;,&quot;caption&quot;:&quot;&quot;,&quot;created_timestamp&quot;:&quot;0&quot;,&quot;copyright&quot;:&quot;&quot;,&quot;focal_length&quot;:&quot;0&quot;,&quot;iso&quot;:&quot;0&quot;,&quot;shutter_speed&quot;:&quot;0&quot;,&quot;title&quot;:&quot;&quot;,&quot;orientation&quot;:&quot;1&quot;}\" data-image-title=\"IMG_7216\" data-image-description=\"\" data-image-caption=\"\" data-medium-file=\"https:\/\/i0.wp.com\/www.lardalkantori.no\/wp-content\/uploads\/2024\/01\/IMG_7216.jpeg?fit=300%2C223&amp;ssl=1\" data-large-file=\"https:\/\/i0.wp.com\/www.lardalkantori.no\/wp-content\/uploads\/2024\/01\/IMG_7216.jpeg?fit=584%2C435&amp;ssl=1\" src=\"https:\/\/i0.wp.com\/www.lardalkantori.no\/wp-content\/uploads\/2024\/01\/IMG_7216.jpeg?fit=584%2C435&amp;ssl=1\" alt=\"\" class=\"wp-image-2394\" srcset=\"https:\/\/i0.wp.com\/www.lardalkantori.no\/wp-content\/uploads\/2024\/01\/IMG_7216.jpeg?w=1170&amp;ssl=1 1170w, https:\/\/i0.wp.com\/www.lardalkantori.no\/wp-content\/uploads\/2024\/01\/IMG_7216.jpeg?resize=300%2C223&amp;ssl=1 300w, https:\/\/i0.wp.com\/www.lardalkantori.no\/wp-content\/uploads\/2024\/01\/IMG_7216.jpeg?resize=1024%2C762&amp;ssl=1 1024w, https:\/\/i0.wp.com\/www.lardalkantori.no\/wp-content\/uploads\/2024\/01\/IMG_7216.jpeg?resize=768%2C572&amp;ssl=1 768w, https:\/\/i0.wp.com\/www.lardalkantori.no\/wp-content\/uploads\/2024\/01\/IMG_7216.jpeg?resize=403%2C300&amp;ssl=1 403w\" sizes=\"auto, (max-width: 584px) 100vw, 584px\" \/><\/a><\/figure>\n\n\n\n<p>N\u00e5 har vi nynnet og trallet for oss selv gjennom hele julen, men p\u00e5 torsdag braket det l\u00f8s. Eller skal vi si &#8211; gapte vi i kor! Da samlet vi oss til f\u00f8rste \u00f8velse i 2024. Velkommen til deg som har lyst p\u00e5 en ny hobby i \u00e5r. Og til deg som har en indre dr\u00f8m om \u00e5 synge solo. Og til deg som trenger det sosiale i hverdagen. Og til deg som liker \u00e5 reise p\u00e5 tematur. Klokkerg\u00e5rden i Svarstad kl. 18.30-21.00 torsdager. Vi f\u00f8lger skolekalenderen <\/p>\n\n\n\n<p><\/p>\n","protected":false},"excerpt":{"rendered":"<p>N\u00e5 har vi nynnet og trallet for oss selv gjennom hele julen, men p\u00e5 torsdag braket det l\u00f8s. Eller skal vi si &#8211; gapte vi i kor! Da samlet vi oss til f\u00f8rste \u00f8velse i 2024. Velkommen til deg som &hellip; <a href=\"https:\/\/www.lardalkantori.no\/?p=2393\">Les videre <span class=\"meta-nav\">&rarr;<\/span><\/a><\/p>\n","protected":false},"author":1,"featured_media":0,"comment_status":"open","ping_status":"open","sticky":false,"template":"","format":"standard","meta":{"ngg_post_thumbnail":0,"jetpack_post_was_ever_published":false,"_jetpack_newsletter_access":"","_jetpack_dont_email_post_to_subs":false,"_jetpack_newsletter_tier_id":0,"_jetpack_memberships_contains_paywalled_content":false,"_jetpack_memberships_contains_paid_content":false,"footnotes":"","jetpack_publicize_message":"","jetpack_publicize_feature_enabled":true,"jetpack_social_post_already_shared":true,"jetpack_social_options":{"image_generator_settings":{"template":"highway","enabled":false},"version":2}},"categories":[12],"tags":[],"class_list":["post-2393","post","type-post","status-publish","format-standard","hentry","category-generelt"],"jetpack_publicize_connections":[],"jetpack_featured_media_url":"","jetpack_sharing_enabled":true,"jetpack_shortlink":"https:\/\/wp.me\/p2bACI-CB","jetpack-related-posts":[],"_links":{"self":[{"href":"https:\/\/www.lardalkantori.no\/index.php?rest_route=\/wp\/v2\/posts\/2393","targetHints":{"allow":["GET"]}}],"collection":[{"href":"https:\/\/www.lardalkantori.no\/index.php?rest_route=\/wp\/v2\/posts"}],"about":[{"href":"https:\/\/www.lardalkantori.no\/index.php?rest_route=\/wp\/v2\/types\/post"}],"author":[{"embeddable":true,"href":"https:\/\/www.lardalkantori.no\/index.php?rest_route=\/wp\/v2\/users\/1"}],"replies":[{"embeddable":true,"href":"https:\/\/www.lardalkantori.no\/index.php?rest_route=%2Fwp%2Fv2%2Fcomments&post=2393"}],"version-history":[{"count":1,"href":"https:\/\/www.lardalkantori.no\/index.php?rest_route=\/wp\/v2\/posts\/2393\/revisions"}],"predecessor-version":[{"id":2395,"href":"https:\/\/www.lardalkantori.no\/index.php?rest_route=\/wp\/v2\/posts\/2393\/revisions\/2395"}],"wp:attachment":[{"href":"https:\/\/www.lardalkantori.no\/index.php?rest_route=%2Fwp%2Fv2%2Fmedia&parent=2393"}],"wp:term":[{"taxonomy":"category","embeddable":true,"href":"https:\/\/www.lardalkantori.no\/index.php?rest_route=%2Fwp%2Fv2%2Fcategories&post=2393"},{"taxonomy":"post_tag","embeddable":true,"href":"https:\/\/www.lardalkantori.no\/index.php?rest_route=%2Fwp%2Fv2%2Ftags&post=2393"}],"curies":[{"name":"wp","href":"https:\/\/api.w.org\/{rel}","templated":true}]}}