{"id":2448,"date":"2026-09-04T07:08:44","date_gmt":"2026-09-04T05:08:44","guid":{"rendered":"https:\/\/www.lardalkantori.no\/?p=2448"},"modified":"2026-09-04T07:08:44","modified_gmt":"2026-09-04T05:08:44","slug":"jubileumskonsert-25-oktober-2026","status":"publish","type":"post","link":"https:\/\/www.lardalkantori.no\/?p=2448","title":{"rendered":"Jubileumskonsert 25. oktober 2026"},"content":{"rendered":"\n<p class=\"wp-block-paragraph\">Lardal kantori fyller 25 \u00e5r, og feirer med en jubileumskonsert &#8211; med deg!<\/p>\n\n\n\n<p class=\"wp-block-paragraph\"><strong>Alle som tidligere har sunget i koret, inviteres med i et midlertidig jubileumskor. B\u00f8rst av sangpermen din, det er p\u00e5 tide \u00e5 st\u00e5 p\u00e5 scenen igjen!<\/strong><\/p>\n\n\n\n<p class=\"wp-block-paragraph\">Konserten finner sted 25. oktober 2026 kl 18:00 i Svarstad kirke.<\/p>\n\n\n\n<figure class=\"wp-block-image size-large\"><a href=\"https:\/\/i0.wp.com\/www.lardalkantori.no\/wp-content\/uploads\/2026\/09\/492837176_3950115071926320_7104272226971855182_n-scaled.jpg?ssl=1\"><img data-recalc-dims=\"1\" loading=\"lazy\" decoding=\"async\" width=\"584\" height=\"252\" data-attachment-id=\"2453\" data-permalink=\"https:\/\/www.lardalkantori.no\/?attachment_id=2453\" data-orig-file=\"https:\/\/i0.wp.com\/www.lardalkantori.no\/wp-content\/uploads\/2026\/09\/492837176_3950115071926320_7104272226971855182_n-scaled.jpg?fit=2560%2C1105&amp;ssl=1\" data-orig-size=\"2560,1105\" data-comments-opened=\"1\" data-image-meta=\"{&quot;aperture&quot;:&quot;0&quot;,&quot;credit&quot;:&quot;&quot;,&quot;camera&quot;:&quot;&quot;,&quot;caption&quot;:&quot;&quot;,&quot;created_timestamp&quot;:&quot;0&quot;,&quot;copyright&quot;:&quot;&quot;,&quot;focal_length&quot;:&quot;0&quot;,&quot;iso&quot;:&quot;0&quot;,&quot;shutter_speed&quot;:&quot;0&quot;,&quot;title&quot;:&quot;&quot;,&quot;orientation&quot;:&quot;0&quot;,&quot;alt&quot;:&quot;&quot;}\" data-image-title=\"492837176_3950115071926320_7104272226971855182_n\" data-image-description=\"\" data-image-caption=\"\" data-medium-file=\"https:\/\/i0.wp.com\/www.lardalkantori.no\/wp-content\/uploads\/2026\/09\/492837176_3950115071926320_7104272226971855182_n-scaled.jpg?fit=300%2C129&amp;ssl=1\" data-large-file=\"https:\/\/i0.wp.com\/www.lardalkantori.no\/wp-content\/uploads\/2026\/09\/492837176_3950115071926320_7104272226971855182_n-scaled.jpg?fit=584%2C252&amp;ssl=1\" src=\"https:\/\/i0.wp.com\/www.lardalkantori.no\/wp-content\/uploads\/2026\/09\/492837176_3950115071926320_7104272226971855182_n.jpg?resize=584%2C252&#038;ssl=1\" alt=\"\" class=\"wp-image-2453\" srcset=\"https:\/\/i0.wp.com\/www.lardalkantori.no\/wp-content\/uploads\/2026\/09\/492837176_3950115071926320_7104272226971855182_n-scaled.jpg?resize=1024%2C442&amp;ssl=1 1024w, https:\/\/i0.wp.com\/www.lardalkantori.no\/wp-content\/uploads\/2026\/09\/492837176_3950115071926320_7104272226971855182_n-scaled.jpg?resize=300%2C129&amp;ssl=1 300w, https:\/\/i0.wp.com\/www.lardalkantori.no\/wp-content\/uploads\/2026\/09\/492837176_3950115071926320_7104272226971855182_n-scaled.jpg?resize=768%2C332&amp;ssl=1 768w, https:\/\/i0.wp.com\/www.lardalkantori.no\/wp-content\/uploads\/2026\/09\/492837176_3950115071926320_7104272226971855182_n-scaled.jpg?resize=1536%2C663&amp;ssl=1 1536w, https:\/\/i0.wp.com\/www.lardalkantori.no\/wp-content\/uploads\/2026\/09\/492837176_3950115071926320_7104272226971855182_n-scaled.jpg?resize=2048%2C884&amp;ssl=1 2048w, https:\/\/i0.wp.com\/www.lardalkantori.no\/wp-content\/uploads\/2026\/09\/492837176_3950115071926320_7104272226971855182_n-scaled.jpg?resize=500%2C216&amp;ssl=1 500w, https:\/\/i0.wp.com\/www.lardalkantori.no\/wp-content\/uploads\/2026\/09\/492837176_3950115071926320_7104272226971855182_n-scaled.jpg?w=1168&amp;ssl=1 1168w, https:\/\/i0.wp.com\/www.lardalkantori.no\/wp-content\/uploads\/2026\/09\/492837176_3950115071926320_7104272226971855182_n-scaled.jpg?w=1752&amp;ssl=1 1752w\" sizes=\"auto, (max-width: 584px) 100vw, 584px\" \/><\/a><\/figure>\n\n\n\n<p class=\"wp-block-paragraph\">Fram mot konserten \u00f8ver vi <strong>hver torsdag 18:30-21:00 p\u00e5 klokkerg\u00e5rden i Svarstad<\/strong>. Ta turen innom og si hei til gamle kjente!<\/p>\n","protected":false},"excerpt":{"rendered":"<p>Lardal kantori fyller 25 \u00e5r, og feirer med en jubileumskonsert &#8211; med deg! Alle som tidligere har sunget i koret, inviteres med i et midlertidig jubileumskor. B\u00f8rst av sangpermen din, det er p\u00e5 tide \u00e5 st\u00e5 p\u00e5 scenen igjen! Konserten &hellip; <a href=\"https:\/\/www.lardalkantori.no\/?p=2448\">Les videre <span class=\"meta-nav\">&rarr;<\/span><\/a><\/p>\n","protected":false},"author":1,"featured_media":0,"comment_status":"open","ping_status":"open","sticky":false,"template":"","format":"standard","meta":{"ngg_post_thumbnail":0,"jetpack_post_was_ever_published":false,"_jetpack_newsletter_access":"","_jetpack_dont_email_post_to_subs":false,"_jetpack_newsletter_tier_id":0,"_jetpack_memberships_contains_paywalled_content":false,"_jetpack_memberships_contains_paid_content":false,"footnotes":"","jetpack_publicize_message":"","jetpack_publicize_feature_enabled":true,"jetpack_social_post_already_shared":true,"jetpack_social_options":{"image_generator_settings":{"template":"highway","enabled":false},"version":2}},"categories":[12],"tags":[],"class_list":["post-2448","post","type-post","status-publish","format-standard","hentry","category-generelt"],"jetpack_publicize_connections":[],"jetpack_featured_media_url":"","jetpack_sharing_enabled":true,"jetpack_shortlink":"https:\/\/wp.me\/p2bACI-Du","jetpack-related-posts":[],"_links":{"self":[{"href":"https:\/\/www.lardalkantori.no\/index.php?rest_route=\/wp\/v2\/posts\/2448","targetHints":{"allow":["GET"]}}],"collection":[{"href":"https:\/\/www.lardalkantori.no\/index.php?rest_route=\/wp\/v2\/posts"}],"about":[{"href":"https:\/\/www.lardalkantori.no\/index.php?rest_route=\/wp\/v2\/types\/post"}],"author":[{"embeddable":true,"href":"https:\/\/www.lardalkantori.no\/index.php?rest_route=\/wp\/v2\/users\/1"}],"replies":[{"embeddable":true,"href":"https:\/\/www.lardalkantori.no\/index.php?rest_route=%2Fwp%2Fv2%2Fcomments&post=2448"}],"version-history":[{"count":3,"href":"https:\/\/www.lardalkantori.no\/index.php?rest_route=\/wp\/v2\/posts\/2448\/revisions"}],"predecessor-version":[{"id":2454,"href":"https:\/\/www.lardalkantori.no\/index.php?rest_route=\/wp\/v2\/posts\/2448\/revisions\/2454"}],"wp:attachment":[{"href":"https:\/\/www.lardalkantori.no\/index.php?rest_route=%2Fwp%2Fv2%2Fmedia&parent=2448"}],"wp:term":[{"taxonomy":"category","embeddable":true,"href":"https:\/\/www.lardalkantori.no\/index.php?rest_route=%2Fwp%2Fv2%2Fcategories&post=2448"},{"taxonomy":"post_tag","embeddable":true,"href":"https:\/\/www.lardalkantori.no\/index.php?rest_route=%2Fwp%2Fv2%2Ftags&post=2448"}],"curies":[{"name":"wp","href":"https:\/\/api.w.org\/{rel}","templated":true}]}}